{"id":2710,"date":"2024-10-06T11:44:42","date_gmt":"2024-10-06T09:44:42","guid":{"rendered":"https:\/\/couleurs-cami.com\/?p=2710"},"modified":"2024-10-06T19:39:52","modified_gmt":"2024-10-06T17:39:52","slug":"portes-ouvertes-des-ateliers-dartistes-a-boulogne","status":"publish","type":"post","link":"https:\/\/couleurs-cami.com\/index.php\/2024\/10\/06\/portes-ouvertes-des-ateliers-dartistes-a-boulogne\/","title":{"rendered":"Portes ouvertes des ateliers d&rsquo;artistes \u00e0 Boulogne"},"content":{"rendered":"\n<p>CAMI expose ses trois derni\u00e8res cr\u00e9ations \u00e0 l&rsquo;h\u00f4tel de ville de Boulogne-Billancourt, les samedi 05 et dimanche 06 octobre 2024.<\/p>\n\n\n\n<figure class=\"wp-block-image size-large\"><img loading=\"lazy\" decoding=\"async\" width=\"1024\" height=\"748\" src=\"https:\/\/couleurs-cami.com\/wp-content\/uploads\/IMG_6310-2-1024x748.jpg\" alt=\"\" class=\"wp-image-2711\" srcset=\"https:\/\/couleurs-cami.com\/wp-content\/uploads\/IMG_6310-2-1024x748.jpg 1024w, https:\/\/couleurs-cami.com\/wp-content\/uploads\/IMG_6310-2-600x438.jpg 600w, https:\/\/couleurs-cami.com\/wp-content\/uploads\/IMG_6310-2-768x561.jpg 768w, https:\/\/couleurs-cami.com\/wp-content\/uploads\/IMG_6310-2-1536x1122.jpg 1536w, https:\/\/couleurs-cami.com\/wp-content\/uploads\/IMG_6310-2-2048x1496.jpg 2048w\" sizes=\"auto, (max-width: 767px) 89vw, (max-width: 1000px) 54vw, (max-width: 1071px) 543px, 580px\" \/><\/figure>\n\n\n\n<p>Pour la 15\u00e8me \u00e9dition du rendez-vous artistique organis\u00e9 par la Ville de Boulogne, plus de 170 artistes peintres, dessinateurs, photographes, sculpteurs, \u2026 seront r\u00e9unis.<\/p>\n\n\n\n<p><a href=\"https:\/\/www.boulognebillancourt.com\/information-transversale\/agenda\/portes-ouvertes-des-ateliers-dartistes-2024-4651\">https:\/\/www.boulognebillancourt.com\/information-transversale\/agenda\/portes-ouvertes-des-ateliers-dartistes-2024-4651<\/a><\/p>\n","protected":false},"excerpt":{"rendered":"<p>CAMI expose ses trois derni\u00e8res cr\u00e9ations \u00e0 l&rsquo;h\u00f4tel de ville de Boulogne-Billancourt, les samedi 05 et dimanche 06 octobre 2024. Pour la 15\u00e8me \u00e9dition du rendez-vous artistique organis\u00e9 par la Ville de Boulogne, plus de 170 artistes peintres, dessinateurs, photographes, sculpteurs, \u2026 seront r\u00e9unis. https:\/\/www.boulognebillancourt.com\/information-transversale\/agenda\/portes-ouvertes-des-ateliers-dartistes-2024-4651<\/p>\n","protected":false},"author":1,"featured_media":0,"comment_status":"open","ping_status":"open","sticky":false,"template":"","format":"standard","meta":{"om_disable_all_campaigns":false,"_monsterinsights_skip_tracking":false,"_monsterinsights_sitenote_active":false,"_monsterinsights_sitenote_note":"","_monsterinsights_sitenote_category":0,"footnotes":""},"categories":[13],"tags":[12],"class_list":["post-2710","post","type-post","status-publish","format-standard","hentry","category-expositions","tag-exposition"],"aioseo_notices":[],"_links":{"self":[{"href":"https:\/\/couleurs-cami.com\/index.php\/wp-json\/wp\/v2\/posts\/2710","targetHints":{"allow":["GET"]}}],"collection":[{"href":"https:\/\/couleurs-cami.com\/index.php\/wp-json\/wp\/v2\/posts"}],"about":[{"href":"https:\/\/couleurs-cami.com\/index.php\/wp-json\/wp\/v2\/types\/post"}],"author":[{"embeddable":true,"href":"https:\/\/couleurs-cami.com\/index.php\/wp-json\/wp\/v2\/users\/1"}],"replies":[{"embeddable":true,"href":"https:\/\/couleurs-cami.com\/index.php\/wp-json\/wp\/v2\/comments?post=2710"}],"version-history":[{"count":3,"href":"https:\/\/couleurs-cami.com\/index.php\/wp-json\/wp\/v2\/posts\/2710\/revisions"}],"predecessor-version":[{"id":2745,"href":"https:\/\/couleurs-cami.com\/index.php\/wp-json\/wp\/v2\/posts\/2710\/revisions\/2745"}],"wp:attachment":[{"href":"https:\/\/couleurs-cami.com\/index.php\/wp-json\/wp\/v2\/media?parent=2710"}],"wp:term":[{"taxonomy":"category","embeddable":true,"href":"https:\/\/couleurs-cami.com\/index.php\/wp-json\/wp\/v2\/categories?post=2710"},{"taxonomy":"post_tag","embeddable":true,"href":"https:\/\/couleurs-cami.com\/index.php\/wp-json\/wp\/v2\/tags?post=2710"}],"curies":[{"name":"wp","href":"https:\/\/api.w.org\/{rel}","templated":true}]}}